{"id":10102,"date":"2023-08-11T18:27:20","date_gmt":"2023-08-11T13:15:37","guid":{"rendered":""},"modified":"2023-08-11T18:37:59","modified_gmt":"2023-08-11T18:37:59","slug":"post10102","status":"publish","type":"post","link":"https:\/\/medaid.jvmhost.net\/noelia\/2023\/08\/11\/post10102\/","title":{"rendered":"Los reconocidos humoristas Id\u00edgoras y Pachi han presentado su \u00faltima obra, titulada \u00abPortada\u00bb, la cual promete ser todo un \u00e9xito entre los lectores"},"content":{"rendered":"\n<p class=\"wp-block-paragraph\">El humorista Id\u00edgoras y el dibujante Pachi han presentado su nueva obra, \u00abPortada\u00bb, que promete ser un \u00e9xito entre los lectores. El libro, lleno de ingenio y s\u00e1tira, recopila algunas de las mejores ilustraciones y textos que han publicado a lo largo de su carrera.\n\nCon un estilo caracter\u00edstico, Id\u00edgoras y Pachi han sabido captar la atenci\u00f3n del p\u00fablico con su mirada cr\u00edtica sobre la actualidad pol\u00edtica y social de nuestro pa\u00eds. A trav\u00e9s de sus vi\u00f1etas y textos, nos invitan a reflexionar sobre los acontecimientos m\u00e1s relevantes de los \u00faltimos tiempos.\n\nEn esta ocasi\u00f3n, los artistas han decidido centrarse en los temas m\u00e1s candentes de la actualidad, como la crisis econ\u00f3mica, la corrupci\u00f3n pol\u00edtica y la lucha por los derechos sociales. Con su agudeza y su peculiar sentido del humor, nos invitan a re\u00edr y a reflexionar al mismo tiempo.\n\n\u00abPortada\u00bb se suma as\u00ed a la larga lista de obras que han convertido a Id\u00edgoras y Pachi en referentes del humor gr\u00e1fico en nuestro pa\u00eds. Sus trabajos han sido publicados en multitud de medios y han cosechado numerosos premios a lo largo de los a\u00f1os.\n\nNo cabe duda de que su nuevo libro ser\u00e1 bien recibido por los lectores, \u00e1vidos de un humor inteligente y cr\u00edtico que les ayude a entender la compleja realidad que nos rodea. Id\u00edgoras y Pachi nos ofrecen una mirada fresca y original sobre la actualidad, con un estilo propio que los ha convertido en grandes referentes del g\u00e9nero.\n\nEn definitiva, \u00abPortada\u00bb es una oportunidad \u00fanica para disfrutar del talento de Id\u00edgoras y Pachi, dos artistas que han sabido conquistar al p\u00fablico con su ingenio y creatividad. No te pierdas esta obra imprescindible que te har\u00e1 re\u00edr y pensar a partes iguales. Adem\u00e1s, recuerda que puedes encontrar m\u00e1s contenido de inter\u00e9s en las webs de Unidad Editorial. \u00a1No te lo pierdas!<br><img decoding=\"async\" alt=\"1\" src=\"https:\/\/encrypted-tbn0.gstatic.com\/images?q=tbn:ANd9GcQnrsGnKHiPV0n5bG_7YFK45tWZ5h3IxttsbjvImWNP1zCd7hvGJ7YEhWeKAg&amp;s\" witdh=\"150\">&nbsp;&nbsp;<img decoding=\"async\" alt=\"2\" src=\"https:\/\/encrypted-tbn0.gstatic.com\/images?q=tbn:ANd9GcRqv3v7RsgJNUgmjk89VR_BQkbpwgCLdOTiqUxKgfNJwTJ-DsJD95jcEuco_Q&amp;s\" witdh=\"150\">&nbsp;&nbsp;<img decoding=\"async\" alt=\"3\" src=\"https:\/\/encrypted-tbn0.gstatic.com\/images?q=tbn:ANd9GcRLbX7CtWszed6EY3pR0_bvAx-BuEj4OI0KbhLi56nsc6ABwdDRsVcJfpnQGwI&amp;s\" witdh=\"150\">&nbsp;&nbsp;<\/p>\n","protected":false},"excerpt":{"rendered":"<p>El humorista Id\u00edgoras y el dibujante Pachi han presentado su nueva obra, \u00abPortada\u00bb, que promete ser un \u00e9xito entre los lectores. El libro, lleno de ingenio y s\u00e1tira, recopila algunas de las mejores ilustraciones y textos que han publicado a lo largo de su carrera. Con un estilo caracter\u00edstico, Id\u00edgoras y Pachi han sabido captar&hellip; <a class=\"more-link\" href=\"https:\/\/medaid.jvmhost.net\/noelia\/2023\/08\/11\/post10102\/\">Seguir leyendo <span class=\"screen-reader-text\">Los reconocidos humoristas Id\u00edgoras y Pachi han presentado su \u00faltima obra, titulada \u00abPortada\u00bb, la cual promete ser todo un \u00e9xito entre los lectores<\/span><\/a><\/p>\n","protected":false},"author":1,"featured_media":7,"comment_status":"closed","ping_status":"open","sticky":false,"template":"","format":"standard","meta":{"pagelayer_contact_templates":[],"_pagelayer_content":"","footnotes":""},"categories":[1],"tags":[],"class_list":["post-10102","post","type-post","status-publish","format-standard","has-post-thumbnail","hentry","category-uncategorized","entry"],"_links":{"self":[{"href":"https:\/\/medaid.jvmhost.net\/noelia\/wp-json\/wp\/v2\/posts\/10102","targetHints":{"allow":["GET"]}}],"collection":[{"href":"https:\/\/medaid.jvmhost.net\/noelia\/wp-json\/wp\/v2\/posts"}],"about":[{"href":"https:\/\/medaid.jvmhost.net\/noelia\/wp-json\/wp\/v2\/types\/post"}],"author":[{"embeddable":true,"href":"https:\/\/medaid.jvmhost.net\/noelia\/wp-json\/wp\/v2\/users\/1"}],"replies":[{"embeddable":true,"href":"https:\/\/medaid.jvmhost.net\/noelia\/wp-json\/wp\/v2\/comments?post=10102"}],"version-history":[{"count":1,"href":"https:\/\/medaid.jvmhost.net\/noelia\/wp-json\/wp\/v2\/posts\/10102\/revisions"}],"predecessor-version":[{"id":10105,"href":"https:\/\/medaid.jvmhost.net\/noelia\/wp-json\/wp\/v2\/posts\/10102\/revisions\/10105"}],"wp:featuredmedia":[{"embeddable":true,"href":"https:\/\/medaid.jvmhost.net\/noelia\/wp-json\/wp\/v2\/media\/7"}],"wp:attachment":[{"href":"https:\/\/medaid.jvmhost.net\/noelia\/wp-json\/wp\/v2\/media?parent=10102"}],"wp:term":[{"taxonomy":"category","embeddable":true,"href":"https:\/\/medaid.jvmhost.net\/noelia\/wp-json\/wp\/v2\/categories?post=10102"},{"taxonomy":"post_tag","embeddable":true,"href":"https:\/\/medaid.jvmhost.net\/noelia\/wp-json\/wp\/v2\/tags?post=10102"}],"curies":[{"name":"wp","href":"https:\/\/api.w.org\/{rel}","templated":true}]}}